{"id":63494,"date":"2026-09-02T16:59:31","date_gmt":"2026-09-02T21:59:31","guid":{"rendered":"https:\/\/www.fiscalia.gob.ec\/accesibilidad\/?p=63494"},"modified":"2026-09-03T11:18:51","modified_gmt":"2026-09-03T16:18:51","slug":"caso-blindado-fiscalia-vincula-a-7-personas-naturales-y-3-juridicas-al-caso-que-investiga-un-presunto-delito-de-lavado-de-activos","status":"publish","type":"post","link":"https:\/\/www.fiscalia.gob.ec\/accesibilidad\/caso-blindado-fiscalia-vincula-a-7-personas-naturales-y-3-juridicas-al-caso-que-investiga-un-presunto-delito-de-lavado-de-activos\/","title":{"rendered":"Caso Blindado: Fiscal\u00eda vincula a 7 personas naturales y 3 jur\u00eddicas al caso que investiga un presunto delito de lavado de activos"},"content":{"rendered":"<p><button class=\"responsivevoice-button\" type=\"button\" title=\"ResponsiveVoice Tap to Start\/Stop Speech\" data-rvtts-action=\"speak\" data-rvtts-text=\"BOLET\u00cdN DE PRENSA FGE N\u00ba 1022-DC-2026 Caso Blindado: Fiscal\u00eda vincula a 7 personas naturales y 3 jur\u00eddicas al caso que investiga un presunto delito de lavado de activos\" data-rvtts-voice=\"Spanish Latin American Female\" data-rvtts-brand-url=\"https:\/\/responsivevoice.org\/?utm_source=wordpress-plugin&amp;utm_medium=referral&amp;utm_campaign=powered-by\" data-rvtts-brand-label=\"Powered by ResponsiveVoice\"><svg class=\"rvtts-icon\" width=\"22\" height=\"22\" viewBox=\"0 0 22 22\" fill=\"currentColor\" aria-hidden=\"true\" focusable=\"false\"><path fill-rule=\"evenodd\" clip-rule=\"evenodd\" d=\"M11 0C4.92345 0 0 4.92345 0 11C0 13.2683 0.690345 15.3772 1.86621 17.1221L0.811724 21.0517L4.70345 20.0124C6.48621 21.2641 8.65586 22 11 22C17.0766 22 22 17.0766 22 11C22 4.92345 17.0766 0 11 0ZM3.99793 9.99862C3.99793 9.44483 4.44552 8.99724 4.99931 8.99724C5.5531 8.99724 6.00069 9.44483 6.00069 9.99862V12.0014C6.00069 12.5552 5.5531 13.0028 4.99931 13.0028C4.44552 13.0028 3.99793 12.5552 3.99793 12.0014V9.99862ZM8.99724 13.9966C8.99724 14.5503 8.54966 14.9979 7.99586 14.9979C7.44207 14.9979 6.99448 14.5503 6.99448 13.9966V7.99586C6.99448 7.44207 7.44207 6.99448 7.99586 6.99448C8.54966 6.99448 8.99724 7.44207 8.99724 7.99586V13.9966ZM12.0014 17.0007C12.0014 17.5545 11.5538 18.0021 11 18.0021C10.4462 18.0021 9.99862 17.5545 9.99862 17.0007V4.99931C9.99862 4.44552 10.4462 3.99793 11 3.99793C11.5538 3.99793 12.0014 4.44552 12.0014 4.99931V17.0007ZM14.9979 13.9966C14.9979 14.5503 14.5503 14.9979 13.9966 14.9979C13.4428 14.9979 12.9952 14.5503 12.9952 13.9966V7.99586C12.9952 7.44207 13.4428 6.99448 13.9966 6.99448C14.5503 6.99448 14.9979 7.44207 14.9979 7.99586V13.9966ZM18.0021 12.0014C18.0021 12.5552 17.5545 13.0028 17.0007 13.0028C16.4469 13.0028 15.9993 12.5552 15.9993 12.0014V9.99862C15.9993 9.44483 16.4469 8.99724 17.0007 8.99724C17.5545 8.99724 18.0021 9.44483 18.0021 9.99862V12.0014Z\"\/><\/svg><span class=\"responsivevoice-button__label\"><\/span><\/button> <br \/>\n<strong>BOLET\u00cdN DE PRENSA FGE N\u00ba 1022-DC-2026<\/strong><\/p>\n<p><strong>Caso Blindado: Fiscal\u00eda vincula a 7 personas naturales y 3 jur\u00eddicas al caso que investiga un presunto delito de lavado de activos<\/strong><br \/>\n<br \/>\n<button class=\"responsivevoice-button\" type=\"button\" title=\"ResponsiveVoice Tap to Start\/Stop Speech\" data-rvtts-action=\"speak\" data-rvtts-text=\"Quito (Pichincha), 02 de septiembre de 2026.- Luego de que la Fiscal\u00eda General del Estado sustentara el inicio del proceso penal contra siete personas naturales y tres jur\u00eddicas, la Jueza que conoci\u00f3 el caso dict\u00f3 medidas alternativas a la prisi\u00f3n preventiva para Carlos A., Sim\u00f3n M., Iv\u00e1n S., Genaro R., Juan M., Juan J. y Luis O. En su contra, dispuso presentaciones peri\u00f3dicas, uso de dispositivo de vigilancia electr\u00f3nica y prohibici\u00f3n de salida del pa\u00eds. Adem\u00e1s, orden\u00f3 la retenci\u00f3n e inmovilizaci\u00f3n de cuentas por 385.000 d\u00f3lares, as\u00ed como la prohibici\u00f3n de enajenar bienes. La instrucci\u00f3n fiscal se extender\u00e1 por treinta d\u00edas m\u00e1s.\" data-rvtts-voice=\"Spanish Latin American Female\" data-rvtts-brand-url=\"https:\/\/responsivevoice.org\/?utm_source=wordpress-plugin&amp;utm_medium=referral&amp;utm_campaign=powered-by\" data-rvtts-brand-label=\"Powered by ResponsiveVoice\"><svg class=\"rvtts-icon\" width=\"22\" height=\"22\" viewBox=\"0 0 22 22\" fill=\"currentColor\" aria-hidden=\"true\" focusable=\"false\"><path fill-rule=\"evenodd\" clip-rule=\"evenodd\" d=\"M11 0C4.92345 0 0 4.92345 0 11C0 13.2683 0.690345 15.3772 1.86621 17.1221L0.811724 21.0517L4.70345 20.0124C6.48621 21.2641 8.65586 22 11 22C17.0766 22 22 17.0766 22 11C22 4.92345 17.0766 0 11 0ZM3.99793 9.99862C3.99793 9.44483 4.44552 8.99724 4.99931 8.99724C5.5531 8.99724 6.00069 9.44483 6.00069 9.99862V12.0014C6.00069 12.5552 5.5531 13.0028 4.99931 13.0028C4.44552 13.0028 3.99793 12.5552 3.99793 12.0014V9.99862ZM8.99724 13.9966C8.99724 14.5503 8.54966 14.9979 7.99586 14.9979C7.44207 14.9979 6.99448 14.5503 6.99448 13.9966V7.99586C6.99448 7.44207 7.44207 6.99448 7.99586 6.99448C8.54966 6.99448 8.99724 7.44207 8.99724 7.99586V13.9966ZM12.0014 17.0007C12.0014 17.5545 11.5538 18.0021 11 18.0021C10.4462 18.0021 9.99862 17.5545 9.99862 17.0007V4.99931C9.99862 4.44552 10.4462 3.99793 11 3.99793C11.5538 3.99793 12.0014 4.44552 12.0014 4.99931V17.0007ZM14.9979 13.9966C14.9979 14.5503 14.5503 14.9979 13.9966 14.9979C13.4428 14.9979 12.9952 14.5503 12.9952 13.9966V7.99586C12.9952 7.44207 13.4428 6.99448 13.9966 6.99448C14.5503 6.99448 14.9979 7.44207 14.9979 7.99586V13.9966ZM18.0021 12.0014C18.0021 12.5552 17.5545 13.0028 17.0007 13.0028C16.4469 13.0028 15.9993 12.5552 15.9993 12.0014V9.99862C15.9993 9.44483 16.4469 8.99724 17.0007 8.99724C17.5545 8.99724 18.0021 9.44483 18.0021 9.99862V12.0014Z\"\/><\/svg><span class=\"responsivevoice-button__label\"><\/span><\/button> <br \/>\n<strong>Quito (Pichincha), 02 de septiembre de 2026.-<\/strong> Luego de que la Fiscal\u00eda General del Estado sustentara el inicio del proceso penal contra siete personas naturales y tres jur\u00eddicas, la Jueza que conoci\u00f3 el caso dict\u00f3 medidas alternativas a la prisi\u00f3n preventiva para Carlos A., Sim\u00f3n M., Iv\u00e1n S., Genaro R., Juan M., Juan J. y Luis O. En su contra, dispuso presentaciones peri\u00f3dicas, uso de dispositivo de vigilancia electr\u00f3nica y prohibici\u00f3n de salida del pa\u00eds.<\/p>\n<p>Adem\u00e1s, orden\u00f3 la retenci\u00f3n e inmovilizaci\u00f3n de cuentas por 385.000 d\u00f3lares, as\u00ed como la prohibici\u00f3n de enajenar bienes. La instrucci\u00f3n fiscal se extender\u00e1 por treinta d\u00edas m\u00e1s.<br \/>\n<br \/>\n<button class=\"responsivevoice-button\" type=\"button\" title=\"ResponsiveVoice Tap to Start\/Stop Speech\" data-rvtts-action=\"speak\" data-rvtts-text=\"Para las tres personas jur\u00eddicas vinculadas \u2014REYPEZPACIFICA S. A., REYSOLUTIONWAHS S. A. y TEKNHIKMEC S. A.\u2014, la resoluci\u00f3n contempla medidas cautelares de car\u00e1cter real: retenci\u00f3n, inmovilizaci\u00f3n y congelamiento de fondos de las cuentas en el Sistema Financiero Nacional, prohibici\u00f3n de enajenar bienes e intervenci\u00f3n de la Superintendencia de Compa\u00f1\u00edas. El pedido de Fiscal\u00eda respecto de estas empresas se sustent\u00f3 en la concurrencia de los riesgos procesales detallados en los elementos de convicci\u00f3n expuestos durante la audiencia, con el fin de evitar la obstaculizaci\u00f3n del proceso.\" data-rvtts-voice=\"Spanish Latin American Female\" data-rvtts-brand-url=\"https:\/\/responsivevoice.org\/?utm_source=wordpress-plugin&amp;utm_medium=referral&amp;utm_campaign=powered-by\" data-rvtts-brand-label=\"Powered by ResponsiveVoice\"><svg class=\"rvtts-icon\" width=\"22\" height=\"22\" viewBox=\"0 0 22 22\" fill=\"currentColor\" aria-hidden=\"true\" focusable=\"false\"><path fill-rule=\"evenodd\" clip-rule=\"evenodd\" d=\"M11 0C4.92345 0 0 4.92345 0 11C0 13.2683 0.690345 15.3772 1.86621 17.1221L0.811724 21.0517L4.70345 20.0124C6.48621 21.2641 8.65586 22 11 22C17.0766 22 22 17.0766 22 11C22 4.92345 17.0766 0 11 0ZM3.99793 9.99862C3.99793 9.44483 4.44552 8.99724 4.99931 8.99724C5.5531 8.99724 6.00069 9.44483 6.00069 9.99862V12.0014C6.00069 12.5552 5.5531 13.0028 4.99931 13.0028C4.44552 13.0028 3.99793 12.5552 3.99793 12.0014V9.99862ZM8.99724 13.9966C8.99724 14.5503 8.54966 14.9979 7.99586 14.9979C7.44207 14.9979 6.99448 14.5503 6.99448 13.9966V7.99586C6.99448 7.44207 7.44207 6.99448 7.99586 6.99448C8.54966 6.99448 8.99724 7.44207 8.99724 7.99586V13.9966ZM12.0014 17.0007C12.0014 17.5545 11.5538 18.0021 11 18.0021C10.4462 18.0021 9.99862 17.5545 9.99862 17.0007V4.99931C9.99862 4.44552 10.4462 3.99793 11 3.99793C11.5538 3.99793 12.0014 4.44552 12.0014 4.99931V17.0007ZM14.9979 13.9966C14.9979 14.5503 14.5503 14.9979 13.9966 14.9979C13.4428 14.9979 12.9952 14.5503 12.9952 13.9966V7.99586C12.9952 7.44207 13.4428 6.99448 13.9966 6.99448C14.5503 6.99448 14.9979 7.44207 14.9979 7.99586V13.9966ZM18.0021 12.0014C18.0021 12.5552 17.5545 13.0028 17.0007 13.0028C16.4469 13.0028 15.9993 12.5552 15.9993 12.0014V9.99862C15.9993 9.44483 16.4469 8.99724 17.0007 8.99724C17.5545 8.99724 18.0021 9.44483 18.0021 9.99862V12.0014Z\"\/><\/svg><span class=\"responsivevoice-button__label\"><\/span><\/button> <br \/>\nPara las tres personas jur\u00eddicas vinculadas \u2014REYPEZPACIFICA S. A., REYSOLUTIONWAHS S. A. y TEKNHIKMEC S. A.\u2014, la resoluci\u00f3n contempla medidas cautelares de car\u00e1cter real: retenci\u00f3n, inmovilizaci\u00f3n y congelamiento de fondos de las cuentas en el Sistema Financiero Nacional, prohibici\u00f3n de enajenar bienes e intervenci\u00f3n de la Superintendencia de Compa\u00f1\u00edas.<\/p>\n<p>El pedido de Fiscal\u00eda respecto de estas empresas se sustent\u00f3 en la concurrencia de los riesgos procesales detallados en los elementos de convicci\u00f3n expuestos durante la audiencia, con el fin de evitar la obstaculizaci\u00f3n del proceso.<br \/>\n<br \/>\n<button class=\"responsivevoice-button\" type=\"button\" title=\"ResponsiveVoice Tap to Start\/Stop Speech\" data-rvtts-action=\"speak\" data-rvtts-text=\"Origen de la investigaci\u00f3n El fiscal general del Estado (e), Leonardo Alarc\u00f3n, xplic\u00f3 que la investigaci\u00f3n previa se inici\u00f3 a partir de un Reporte de Operaciones Inusuales e Injustificadas (ROII) de 2025, emitido por la Unidad de An\u00e1lisis Financiero y Econ\u00f3mico (UAFE) respecto de Vicko Alfredo V. T. y varias personas jur\u00eddicas.\" data-rvtts-voice=\"Spanish Latin American Female\" data-rvtts-brand-url=\"https:\/\/responsivevoice.org\/?utm_source=wordpress-plugin&amp;utm_medium=referral&amp;utm_campaign=powered-by\" data-rvtts-brand-label=\"Powered by ResponsiveVoice\"><svg class=\"rvtts-icon\" width=\"22\" height=\"22\" viewBox=\"0 0 22 22\" fill=\"currentColor\" aria-hidden=\"true\" focusable=\"false\"><path fill-rule=\"evenodd\" clip-rule=\"evenodd\" d=\"M11 0C4.92345 0 0 4.92345 0 11C0 13.2683 0.690345 15.3772 1.86621 17.1221L0.811724 21.0517L4.70345 20.0124C6.48621 21.2641 8.65586 22 11 22C17.0766 22 22 17.0766 22 11C22 4.92345 17.0766 0 11 0ZM3.99793 9.99862C3.99793 9.44483 4.44552 8.99724 4.99931 8.99724C5.5531 8.99724 6.00069 9.44483 6.00069 9.99862V12.0014C6.00069 12.5552 5.5531 13.0028 4.99931 13.0028C4.44552 13.0028 3.99793 12.5552 3.99793 12.0014V9.99862ZM8.99724 13.9966C8.99724 14.5503 8.54966 14.9979 7.99586 14.9979C7.44207 14.9979 6.99448 14.5503 6.99448 13.9966V7.99586C6.99448 7.44207 7.44207 6.99448 7.99586 6.99448C8.54966 6.99448 8.99724 7.44207 8.99724 7.99586V13.9966ZM12.0014 17.0007C12.0014 17.5545 11.5538 18.0021 11 18.0021C10.4462 18.0021 9.99862 17.5545 9.99862 17.0007V4.99931C9.99862 4.44552 10.4462 3.99793 11 3.99793C11.5538 3.99793 12.0014 4.44552 12.0014 4.99931V17.0007ZM14.9979 13.9966C14.9979 14.5503 14.5503 14.9979 13.9966 14.9979C13.4428 14.9979 12.9952 14.5503 12.9952 13.9966V7.99586C12.9952 7.44207 13.4428 6.99448 13.9966 6.99448C14.5503 6.99448 14.9979 7.44207 14.9979 7.99586V13.9966ZM18.0021 12.0014C18.0021 12.5552 17.5545 13.0028 17.0007 13.0028C16.4469 13.0028 15.9993 12.5552 15.9993 12.0014V9.99862C15.9993 9.44483 16.4469 8.99724 17.0007 8.99724C17.5545 8.99724 18.0021 9.44483 18.0021 9.99862V12.0014Z\"\/><\/svg><span class=\"responsivevoice-button__label\"><\/span><\/button> <br \/>\n<strong>Origen de la investigaci\u00f3n<\/strong><\/p>\n<p>El fiscal general del Estado (e), Leonardo Alarc\u00f3n, xplic\u00f3 que la investigaci\u00f3n previa se inici\u00f3 a partir de un Reporte de Operaciones Inusuales e Injustificadas (ROII) de 2025, emitido por la Unidad de An\u00e1lisis Financiero y Econ\u00f3mico (UAFE) respecto de Vicko Alfredo V. T. y varias personas jur\u00eddicas.<br \/>\n<br \/>\n<button class=\"responsivevoice-button\" type=\"button\" title=\"ResponsiveVoice Tap to Start\/Stop Speech\" data-rvtts-action=\"speak\" data-rvtts-text=\"Tras la formulaci\u00f3n de cargos contra varias personas naturales, efectuada el 3 y 4 de junio, la investigaci\u00f3n permiti\u00f3 identificar una estructura que estar\u00eda organizada para obtener y beneficiarse sistem\u00e1ticamente de fondos estatales mediante el abuso y la desnaturalizaci\u00f3n de garant\u00edas jurisdiccionales. Seg\u00fan Fiscal\u00eda, esta estructura estar\u00eda liderada por Vicko Alfredo V. T., alcalde del cant\u00f3n Esmeraldas.\" data-rvtts-voice=\"Spanish Latin American Female\" data-rvtts-brand-url=\"https:\/\/responsivevoice.org\/?utm_source=wordpress-plugin&amp;utm_medium=referral&amp;utm_campaign=powered-by\" data-rvtts-brand-label=\"Powered by ResponsiveVoice\"><svg class=\"rvtts-icon\" width=\"22\" height=\"22\" viewBox=\"0 0 22 22\" fill=\"currentColor\" aria-hidden=\"true\" focusable=\"false\"><path fill-rule=\"evenodd\" clip-rule=\"evenodd\" d=\"M11 0C4.92345 0 0 4.92345 0 11C0 13.2683 0.690345 15.3772 1.86621 17.1221L0.811724 21.0517L4.70345 20.0124C6.48621 21.2641 8.65586 22 11 22C17.0766 22 22 17.0766 22 11C22 4.92345 17.0766 0 11 0ZM3.99793 9.99862C3.99793 9.44483 4.44552 8.99724 4.99931 8.99724C5.5531 8.99724 6.00069 9.44483 6.00069 9.99862V12.0014C6.00069 12.5552 5.5531 13.0028 4.99931 13.0028C4.44552 13.0028 3.99793 12.5552 3.99793 12.0014V9.99862ZM8.99724 13.9966C8.99724 14.5503 8.54966 14.9979 7.99586 14.9979C7.44207 14.9979 6.99448 14.5503 6.99448 13.9966V7.99586C6.99448 7.44207 7.44207 6.99448 7.99586 6.99448C8.54966 6.99448 8.99724 7.44207 8.99724 7.99586V13.9966ZM12.0014 17.0007C12.0014 17.5545 11.5538 18.0021 11 18.0021C10.4462 18.0021 9.99862 17.5545 9.99862 17.0007V4.99931C9.99862 4.44552 10.4462 3.99793 11 3.99793C11.5538 3.99793 12.0014 4.44552 12.0014 4.99931V17.0007ZM14.9979 13.9966C14.9979 14.5503 14.5503 14.9979 13.9966 14.9979C13.4428 14.9979 12.9952 14.5503 12.9952 13.9966V7.99586C12.9952 7.44207 13.4428 6.99448 13.9966 6.99448C14.5503 6.99448 14.9979 7.44207 14.9979 7.99586V13.9966ZM18.0021 12.0014C18.0021 12.5552 17.5545 13.0028 17.0007 13.0028C16.4469 13.0028 15.9993 12.5552 15.9993 12.0014V9.99862C15.9993 9.44483 16.4469 8.99724 17.0007 8.99724C17.5545 8.99724 18.0021 9.44483 18.0021 9.99862V12.0014Z\"\/><\/svg><span class=\"responsivevoice-button__label\"><\/span><\/button> <br \/>\n<a href=\"https:\/\/www.fiscalia.gob.ec\/accesibilidad\/alcalde-de-esmeraldas-y-7-personas-mas-cumplen-prision-preventiva-por-presunto-lavado-de-activos\/\" target=\"_blank\" rel=\"noopener\">Tras la formulaci\u00f3n de cargos contra varias personas naturales, efectuada el 3 y 4 de junio,<\/a> la investigaci\u00f3n permiti\u00f3 identificar una estructura que estar\u00eda organizada para obtener y beneficiarse sistem\u00e1ticamente de fondos estatales mediante el abuso y la desnaturalizaci\u00f3n de garant\u00edas jurisdiccionales. Seg\u00fan Fiscal\u00eda, esta estructura estar\u00eda liderada por Vicko Alfredo V. T., alcalde del cant\u00f3n Esmeraldas.<br \/>\n<br \/>\n<button class=\"responsivevoice-button\" type=\"button\" title=\"ResponsiveVoice Tap to Start\/Stop Speech\" data-rvtts-action=\"speak\" data-rvtts-text=\"Los ahora procesados habr\u00edan actuado de manera conjunta y coordinada con servidores p\u00fablicos, familiares y particulares, mediante el uso de estructuras estatales y empresariales, compa\u00f1\u00edas, un consorcio y empresas fachada. En este contexto, habr\u00edan incurrido en presunto lavado de activos con fines de cohecho y prevaricato, al ingresar a sus cuentas, de forma inusual e injustificada, aproximadamente 9 millones de d\u00f3lares.\" data-rvtts-voice=\"Spanish Latin American Female\" data-rvtts-brand-url=\"https:\/\/responsivevoice.org\/?utm_source=wordpress-plugin&amp;utm_medium=referral&amp;utm_campaign=powered-by\" data-rvtts-brand-label=\"Powered by ResponsiveVoice\"><svg class=\"rvtts-icon\" width=\"22\" height=\"22\" viewBox=\"0 0 22 22\" fill=\"currentColor\" aria-hidden=\"true\" focusable=\"false\"><path fill-rule=\"evenodd\" clip-rule=\"evenodd\" d=\"M11 0C4.92345 0 0 4.92345 0 11C0 13.2683 0.690345 15.3772 1.86621 17.1221L0.811724 21.0517L4.70345 20.0124C6.48621 21.2641 8.65586 22 11 22C17.0766 22 22 17.0766 22 11C22 4.92345 17.0766 0 11 0ZM3.99793 9.99862C3.99793 9.44483 4.44552 8.99724 4.99931 8.99724C5.5531 8.99724 6.00069 9.44483 6.00069 9.99862V12.0014C6.00069 12.5552 5.5531 13.0028 4.99931 13.0028C4.44552 13.0028 3.99793 12.5552 3.99793 12.0014V9.99862ZM8.99724 13.9966C8.99724 14.5503 8.54966 14.9979 7.99586 14.9979C7.44207 14.9979 6.99448 14.5503 6.99448 13.9966V7.99586C6.99448 7.44207 7.44207 6.99448 7.99586 6.99448C8.54966 6.99448 8.99724 7.44207 8.99724 7.99586V13.9966ZM12.0014 17.0007C12.0014 17.5545 11.5538 18.0021 11 18.0021C10.4462 18.0021 9.99862 17.5545 9.99862 17.0007V4.99931C9.99862 4.44552 10.4462 3.99793 11 3.99793C11.5538 3.99793 12.0014 4.44552 12.0014 4.99931V17.0007ZM14.9979 13.9966C14.9979 14.5503 14.5503 14.9979 13.9966 14.9979C13.4428 14.9979 12.9952 14.5503 12.9952 13.9966V7.99586C12.9952 7.44207 13.4428 6.99448 13.9966 6.99448C14.5503 6.99448 14.9979 7.44207 14.9979 7.99586V13.9966ZM18.0021 12.0014C18.0021 12.5552 17.5545 13.0028 17.0007 13.0028C16.4469 13.0028 15.9993 12.5552 15.9993 12.0014V9.99862C15.9993 9.44483 16.4469 8.99724 17.0007 8.99724C17.5545 8.99724 18.0021 9.44483 18.0021 9.99862V12.0014Z\"\/><\/svg><span class=\"responsivevoice-button__label\"><\/span><\/button> <br \/>\nLos ahora procesados habr\u00edan actuado de manera conjunta y coordinada con servidores p\u00fablicos, familiares y particulares, mediante el uso de estructuras estatales y empresariales, compa\u00f1\u00edas, un consorcio y empresas fachada.<\/p>\n<p>En este contexto, habr\u00edan incurrido en presunto lavado de activos con fines de cohecho y prevaricato, al ingresar a sus cuentas, de forma inusual e injustificada, aproximadamente 9 millones de d\u00f3lares.<br \/>\n<br \/>\n<button class=\"responsivevoice-button\" type=\"button\" title=\"ResponsiveVoice Tap to Start\/Stop Speech\" data-rvtts-action=\"speak\" data-rvtts-text=\"Este monto corresponde a la sumatoria de las indemnizaciones establecidas como pago en acciones de protecci\u00f3n que contemplaban medidas de reparaci\u00f3n econ\u00f3mica por valores millonarios. \u00bfQui\u00e9nes fueron vinculados? Los vinculados son Genaro R., Juan M., Juan J., Luis O. y Carlos A., quienes, a la fecha de los hechos investigados, se desempe\u00f1aban como jueces provinciales; Sim\u00f3n M., juez multicompetente de Atacames; e Iv\u00e1n S., particular.\" data-rvtts-voice=\"Spanish Latin American Female\" data-rvtts-brand-url=\"https:\/\/responsivevoice.org\/?utm_source=wordpress-plugin&amp;utm_medium=referral&amp;utm_campaign=powered-by\" data-rvtts-brand-label=\"Powered by ResponsiveVoice\"><svg class=\"rvtts-icon\" width=\"22\" height=\"22\" viewBox=\"0 0 22 22\" fill=\"currentColor\" aria-hidden=\"true\" focusable=\"false\"><path fill-rule=\"evenodd\" clip-rule=\"evenodd\" d=\"M11 0C4.92345 0 0 4.92345 0 11C0 13.2683 0.690345 15.3772 1.86621 17.1221L0.811724 21.0517L4.70345 20.0124C6.48621 21.2641 8.65586 22 11 22C17.0766 22 22 17.0766 22 11C22 4.92345 17.0766 0 11 0ZM3.99793 9.99862C3.99793 9.44483 4.44552 8.99724 4.99931 8.99724C5.5531 8.99724 6.00069 9.44483 6.00069 9.99862V12.0014C6.00069 12.5552 5.5531 13.0028 4.99931 13.0028C4.44552 13.0028 3.99793 12.5552 3.99793 12.0014V9.99862ZM8.99724 13.9966C8.99724 14.5503 8.54966 14.9979 7.99586 14.9979C7.44207 14.9979 6.99448 14.5503 6.99448 13.9966V7.99586C6.99448 7.44207 7.44207 6.99448 7.99586 6.99448C8.54966 6.99448 8.99724 7.44207 8.99724 7.99586V13.9966ZM12.0014 17.0007C12.0014 17.5545 11.5538 18.0021 11 18.0021C10.4462 18.0021 9.99862 17.5545 9.99862 17.0007V4.99931C9.99862 4.44552 10.4462 3.99793 11 3.99793C11.5538 3.99793 12.0014 4.44552 12.0014 4.99931V17.0007ZM14.9979 13.9966C14.9979 14.5503 14.5503 14.9979 13.9966 14.9979C13.4428 14.9979 12.9952 14.5503 12.9952 13.9966V7.99586C12.9952 7.44207 13.4428 6.99448 13.9966 6.99448C14.5503 6.99448 14.9979 7.44207 14.9979 7.99586V13.9966ZM18.0021 12.0014C18.0021 12.5552 17.5545 13.0028 17.0007 13.0028C16.4469 13.0028 15.9993 12.5552 15.9993 12.0014V9.99862C15.9993 9.44483 16.4469 8.99724 17.0007 8.99724C17.5545 8.99724 18.0021 9.44483 18.0021 9.99862V12.0014Z\"\/><\/svg><span class=\"responsivevoice-button__label\"><\/span><\/button> <br \/>\nEste monto corresponde a la sumatoria de las indemnizaciones establecidas como pago en acciones de protecci\u00f3n que contemplaban medidas de reparaci\u00f3n econ\u00f3mica por valores millonarios.<\/p>\n<p><strong>\u00bfQui\u00e9nes fueron vinculados?<\/strong><\/p>\n<p>Los vinculados son Genaro R., Juan M., Juan J., Luis O. y Carlos A., quienes, a la fecha de los hechos investigados, se desempe\u00f1aban como jueces provinciales; Sim\u00f3n M., juez multicompetente de Atacames; e Iv\u00e1n S., particular.<br \/>\n<br \/>\n<button class=\"responsivevoice-button\" type=\"button\" title=\"ResponsiveVoice Tap to Start\/Stop Speech\" data-rvtts-action=\"speak\" data-rvtts-text=\"Las tres compa\u00f1\u00edas se\u00f1aladas mantienen relaci\u00f3n societaria y comercial con el alcalde de Esmeraldas. Con esta vinculaci\u00f3n, suman quince las personas naturales procesadas y se incorporan tres personas jur\u00eddicas a la causa.\" data-rvtts-voice=\"Spanish Latin American Female\" data-rvtts-brand-url=\"https:\/\/responsivevoice.org\/?utm_source=wordpress-plugin&amp;utm_medium=referral&amp;utm_campaign=powered-by\" data-rvtts-brand-label=\"Powered by ResponsiveVoice\"><svg class=\"rvtts-icon\" width=\"22\" height=\"22\" viewBox=\"0 0 22 22\" fill=\"currentColor\" aria-hidden=\"true\" focusable=\"false\"><path fill-rule=\"evenodd\" clip-rule=\"evenodd\" d=\"M11 0C4.92345 0 0 4.92345 0 11C0 13.2683 0.690345 15.3772 1.86621 17.1221L0.811724 21.0517L4.70345 20.0124C6.48621 21.2641 8.65586 22 11 22C17.0766 22 22 17.0766 22 11C22 4.92345 17.0766 0 11 0ZM3.99793 9.99862C3.99793 9.44483 4.44552 8.99724 4.99931 8.99724C5.5531 8.99724 6.00069 9.44483 6.00069 9.99862V12.0014C6.00069 12.5552 5.5531 13.0028 4.99931 13.0028C4.44552 13.0028 3.99793 12.5552 3.99793 12.0014V9.99862ZM8.99724 13.9966C8.99724 14.5503 8.54966 14.9979 7.99586 14.9979C7.44207 14.9979 6.99448 14.5503 6.99448 13.9966V7.99586C6.99448 7.44207 7.44207 6.99448 7.99586 6.99448C8.54966 6.99448 8.99724 7.44207 8.99724 7.99586V13.9966ZM12.0014 17.0007C12.0014 17.5545 11.5538 18.0021 11 18.0021C10.4462 18.0021 9.99862 17.5545 9.99862 17.0007V4.99931C9.99862 4.44552 10.4462 3.99793 11 3.99793C11.5538 3.99793 12.0014 4.44552 12.0014 4.99931V17.0007ZM14.9979 13.9966C14.9979 14.5503 14.5503 14.9979 13.9966 14.9979C13.4428 14.9979 12.9952 14.5503 12.9952 13.9966V7.99586C12.9952 7.44207 13.4428 6.99448 13.9966 6.99448C14.5503 6.99448 14.9979 7.44207 14.9979 7.99586V13.9966ZM18.0021 12.0014C18.0021 12.5552 17.5545 13.0028 17.0007 13.0028C16.4469 13.0028 15.9993 12.5552 15.9993 12.0014V9.99862C15.9993 9.44483 16.4469 8.99724 17.0007 8.99724C17.5545 8.99724 18.0021 9.44483 18.0021 9.99862V12.0014Z\"\/><\/svg><span class=\"responsivevoice-button__label\"><\/span><\/button> <br \/>\nLas tres compa\u00f1\u00edas se\u00f1aladas mantienen relaci\u00f3n societaria y comercial con el alcalde de Esmeraldas.<\/p>\n<p>Con esta vinculaci\u00f3n, suman quince las personas naturales procesadas y se incorporan tres personas jur\u00eddicas a la causa.<br \/>\n<br \/>\n<button class=\"responsivevoice-button\" type=\"button\" title=\"ResponsiveVoice Tap to Start\/Stop Speech\" data-rvtts-action=\"speak\" data-rvtts-text=\"Informaci\u00f3n jur\u00eddica Fiscal\u00eda procesa este caso por el delito de lavado de activos, tipificado en el art\u00edculo 317 del C\u00f3digo Org\u00e1nico Integral Penal (COIP).\" data-rvtts-voice=\"Spanish Latin American Female\" data-rvtts-brand-url=\"https:\/\/responsivevoice.org\/?utm_source=wordpress-plugin&amp;utm_medium=referral&amp;utm_campaign=powered-by\" data-rvtts-brand-label=\"Powered by ResponsiveVoice\"><svg class=\"rvtts-icon\" width=\"22\" height=\"22\" viewBox=\"0 0 22 22\" fill=\"currentColor\" aria-hidden=\"true\" focusable=\"false\"><path fill-rule=\"evenodd\" clip-rule=\"evenodd\" d=\"M11 0C4.92345 0 0 4.92345 0 11C0 13.2683 0.690345 15.3772 1.86621 17.1221L0.811724 21.0517L4.70345 20.0124C6.48621 21.2641 8.65586 22 11 22C17.0766 22 22 17.0766 22 11C22 4.92345 17.0766 0 11 0ZM3.99793 9.99862C3.99793 9.44483 4.44552 8.99724 4.99931 8.99724C5.5531 8.99724 6.00069 9.44483 6.00069 9.99862V12.0014C6.00069 12.5552 5.5531 13.0028 4.99931 13.0028C4.44552 13.0028 3.99793 12.5552 3.99793 12.0014V9.99862ZM8.99724 13.9966C8.99724 14.5503 8.54966 14.9979 7.99586 14.9979C7.44207 14.9979 6.99448 14.5503 6.99448 13.9966V7.99586C6.99448 7.44207 7.44207 6.99448 7.99586 6.99448C8.54966 6.99448 8.99724 7.44207 8.99724 7.99586V13.9966ZM12.0014 17.0007C12.0014 17.5545 11.5538 18.0021 11 18.0021C10.4462 18.0021 9.99862 17.5545 9.99862 17.0007V4.99931C9.99862 4.44552 10.4462 3.99793 11 3.99793C11.5538 3.99793 12.0014 4.44552 12.0014 4.99931V17.0007ZM14.9979 13.9966C14.9979 14.5503 14.5503 14.9979 13.9966 14.9979C13.4428 14.9979 12.9952 14.5503 12.9952 13.9966V7.99586C12.9952 7.44207 13.4428 6.99448 13.9966 6.99448C14.5503 6.99448 14.9979 7.44207 14.9979 7.99586V13.9966ZM18.0021 12.0014C18.0021 12.5552 17.5545 13.0028 17.0007 13.0028C16.4469 13.0028 15.9993 12.5552 15.9993 12.0014V9.99862C15.9993 9.44483 16.4469 8.99724 17.0007 8.99724C17.5545 8.99724 18.0021 9.44483 18.0021 9.99862V12.0014Z\"\/><\/svg><span class=\"responsivevoice-button__label\"><\/span><\/button> <br \/>\n<strong>Informaci\u00f3n jur\u00eddica<\/strong><\/p>\n<p>Fiscal\u00eda procesa este caso por el delito de lavado de activos, tipificado en el art\u00edculo 317 del C\u00f3digo Org\u00e1nico Integral Penal (COIP).<br \/>\n<\/p>\n","protected":false},"excerpt":{"rendered":"BOLET\u00cdN DE PRENSA FGE N\u00ba 1022-DC-2026 Caso Blindado: Fiscal\u00eda vincula a 7 personas naturales y 3 jur\u00eddicas al caso que investiga un presunto delito de lavado de activos Quito (Pichincha), 02 de septiembre de 2026.- Luego de que la Fiscal\u00eda General del Estado sustentara el...","protected":false},"author":4,"featured_media":0,"comment_status":"closed","ping_status":"closed","sticky":false,"template":"","format":"standard","meta":{"footnotes":""},"categories":[2299,2290],"tags":[],"class_list":["post-63494","post","type-post","status-publish","format-standard","hentry","category-septiembre-2026","category-2290"],"_links":{"self":[{"href":"https:\/\/www.fiscalia.gob.ec\/accesibilidad\/wp-json\/wp\/v2\/posts\/63494","targetHints":{"allow":["GET"]}}],"collection":[{"href":"https:\/\/www.fiscalia.gob.ec\/accesibilidad\/wp-json\/wp\/v2\/posts"}],"about":[{"href":"https:\/\/www.fiscalia.gob.ec\/accesibilidad\/wp-json\/wp\/v2\/types\/post"}],"author":[{"embeddable":true,"href":"https:\/\/www.fiscalia.gob.ec\/accesibilidad\/wp-json\/wp\/v2\/users\/4"}],"replies":[{"embeddable":true,"href":"https:\/\/www.fiscalia.gob.ec\/accesibilidad\/wp-json\/wp\/v2\/comments?post=63494"}],"version-history":[{"count":1,"href":"https:\/\/www.fiscalia.gob.ec\/accesibilidad\/wp-json\/wp\/v2\/posts\/63494\/revisions"}],"predecessor-version":[{"id":63495,"href":"https:\/\/www.fiscalia.gob.ec\/accesibilidad\/wp-json\/wp\/v2\/posts\/63494\/revisions\/63495"}],"wp:attachment":[{"href":"https:\/\/www.fiscalia.gob.ec\/accesibilidad\/wp-json\/wp\/v2\/media?parent=63494"}],"wp:term":[{"taxonomy":"category","embeddable":true,"href":"https:\/\/www.fiscalia.gob.ec\/accesibilidad\/wp-json\/wp\/v2\/categories?post=63494"},{"taxonomy":"post_tag","embeddable":true,"href":"https:\/\/www.fiscalia.gob.ec\/accesibilidad\/wp-json\/wp\/v2\/tags?post=63494"}],"curies":[{"name":"wp","href":"https:\/\/api.w.org\/{rel}","templated":true}]}}