{"id":63455,"date":"2026-09-01T14:11:28","date_gmt":"2026-09-01T19:11:28","guid":{"rendered":"https:\/\/www.fiscalia.gob.ec\/accesibilidad\/?p=63455"},"modified":"2026-09-01T14:18:49","modified_gmt":"2026-09-01T19:18:49","slug":"40-anos-de-prision-por-el-asesinato-de-una-nina-de-6-meses","status":"publish","type":"post","link":"https:\/\/www.fiscalia.gob.ec\/accesibilidad\/40-anos-de-prision-por-el-asesinato-de-una-nina-de-6-meses\/","title":{"rendered":"40 a\u00f1os de prisi\u00f3n por el asesinato de una ni\u00f1a de 6 meses"},"content":{"rendered":"<p><button class=\"responsivevoice-button\" type=\"button\" title=\"ResponsiveVoice Tap to Start\/Stop Speech\" data-rvtts-action=\"speak\" data-rvtts-text=\"BOLET\u00cdN DE PRENSA FGE N\u00ba 1011-DC-2026 40 a\u00f1os de prisi\u00f3n por el asesinato de una ni\u00f1a de 6 meses\" data-rvtts-voice=\"Spanish Latin American Female\" data-rvtts-brand-url=\"https:\/\/responsivevoice.org\/?utm_source=wordpress-plugin&amp;utm_medium=referral&amp;utm_campaign=powered-by\" data-rvtts-brand-label=\"Powered by ResponsiveVoice\"><svg class=\"rvtts-icon\" width=\"22\" height=\"22\" viewBox=\"0 0 22 22\" fill=\"currentColor\" aria-hidden=\"true\" focusable=\"false\"><path fill-rule=\"evenodd\" clip-rule=\"evenodd\" d=\"M11 0C4.92345 0 0 4.92345 0 11C0 13.2683 0.690345 15.3772 1.86621 17.1221L0.811724 21.0517L4.70345 20.0124C6.48621 21.2641 8.65586 22 11 22C17.0766 22 22 17.0766 22 11C22 4.92345 17.0766 0 11 0ZM3.99793 9.99862C3.99793 9.44483 4.44552 8.99724 4.99931 8.99724C5.5531 8.99724 6.00069 9.44483 6.00069 9.99862V12.0014C6.00069 12.5552 5.5531 13.0028 4.99931 13.0028C4.44552 13.0028 3.99793 12.5552 3.99793 12.0014V9.99862ZM8.99724 13.9966C8.99724 14.5503 8.54966 14.9979 7.99586 14.9979C7.44207 14.9979 6.99448 14.5503 6.99448 13.9966V7.99586C6.99448 7.44207 7.44207 6.99448 7.99586 6.99448C8.54966 6.99448 8.99724 7.44207 8.99724 7.99586V13.9966ZM12.0014 17.0007C12.0014 17.5545 11.5538 18.0021 11 18.0021C10.4462 18.0021 9.99862 17.5545 9.99862 17.0007V4.99931C9.99862 4.44552 10.4462 3.99793 11 3.99793C11.5538 3.99793 12.0014 4.44552 12.0014 4.99931V17.0007ZM14.9979 13.9966C14.9979 14.5503 14.5503 14.9979 13.9966 14.9979C13.4428 14.9979 12.9952 14.5503 12.9952 13.9966V7.99586C12.9952 7.44207 13.4428 6.99448 13.9966 6.99448C14.5503 6.99448 14.9979 7.44207 14.9979 7.99586V13.9966ZM18.0021 12.0014C18.0021 12.5552 17.5545 13.0028 17.0007 13.0028C16.4469 13.0028 15.9993 12.5552 15.9993 12.0014V9.99862C15.9993 9.44483 16.4469 8.99724 17.0007 8.99724C17.5545 8.99724 18.0021 9.44483 18.0021 9.99862V12.0014Z\"\/><\/svg><span class=\"responsivevoice-button__label\"><\/span><\/button> <br \/>\n<strong>BOLET\u00cdN DE PRENSA FGE N\u00ba 1011-DC-2026<\/strong><\/p>\n<p><strong>40 a\u00f1os de prisi\u00f3n por el asesinato de una ni\u00f1a de 6 meses<\/strong><br \/>\n<br \/>\n<button class=\"responsivevoice-button\" type=\"button\" title=\"ResponsiveVoice Tap to Start\/Stop Speech\" data-rvtts-action=\"speak\" data-rvtts-text=\"Loja (Loja), 01 de septiembre de 2026.- El Tribunal de Garant\u00edas Penales que conoci\u00f3 el caso declar\u00f3 culpable a Richard A. por el delito de asesinato cometido contra una ni\u00f1a de 6 meses de edad y le impuso la pena m\u00e1xima aplicable en este caso: 40 a\u00f1os de privaci\u00f3n de libertad, considerando la agravante acreditada durante el proceso.\" data-rvtts-voice=\"Spanish Latin American Female\" data-rvtts-brand-url=\"https:\/\/responsivevoice.org\/?utm_source=wordpress-plugin&amp;utm_medium=referral&amp;utm_campaign=powered-by\" data-rvtts-brand-label=\"Powered by ResponsiveVoice\"><svg class=\"rvtts-icon\" width=\"22\" height=\"22\" viewBox=\"0 0 22 22\" fill=\"currentColor\" aria-hidden=\"true\" focusable=\"false\"><path fill-rule=\"evenodd\" clip-rule=\"evenodd\" d=\"M11 0C4.92345 0 0 4.92345 0 11C0 13.2683 0.690345 15.3772 1.86621 17.1221L0.811724 21.0517L4.70345 20.0124C6.48621 21.2641 8.65586 22 11 22C17.0766 22 22 17.0766 22 11C22 4.92345 17.0766 0 11 0ZM3.99793 9.99862C3.99793 9.44483 4.44552 8.99724 4.99931 8.99724C5.5531 8.99724 6.00069 9.44483 6.00069 9.99862V12.0014C6.00069 12.5552 5.5531 13.0028 4.99931 13.0028C4.44552 13.0028 3.99793 12.5552 3.99793 12.0014V9.99862ZM8.99724 13.9966C8.99724 14.5503 8.54966 14.9979 7.99586 14.9979C7.44207 14.9979 6.99448 14.5503 6.99448 13.9966V7.99586C6.99448 7.44207 7.44207 6.99448 7.99586 6.99448C8.54966 6.99448 8.99724 7.44207 8.99724 7.99586V13.9966ZM12.0014 17.0007C12.0014 17.5545 11.5538 18.0021 11 18.0021C10.4462 18.0021 9.99862 17.5545 9.99862 17.0007V4.99931C9.99862 4.44552 10.4462 3.99793 11 3.99793C11.5538 3.99793 12.0014 4.44552 12.0014 4.99931V17.0007ZM14.9979 13.9966C14.9979 14.5503 14.5503 14.9979 13.9966 14.9979C13.4428 14.9979 12.9952 14.5503 12.9952 13.9966V7.99586C12.9952 7.44207 13.4428 6.99448 13.9966 6.99448C14.5503 6.99448 14.9979 7.44207 14.9979 7.99586V13.9966ZM18.0021 12.0014C18.0021 12.5552 17.5545 13.0028 17.0007 13.0028C16.4469 13.0028 15.9993 12.5552 15.9993 12.0014V9.99862C15.9993 9.44483 16.4469 8.99724 17.0007 8.99724C17.5545 8.99724 18.0021 9.44483 18.0021 9.99862V12.0014Z\"\/><\/svg><span class=\"responsivevoice-button__label\"><\/span><\/button> <br \/>\n<strong>Loja (Loja), 01 de septiembre de 2026.-<\/strong> El Tribunal de Garant\u00edas Penales que conoci\u00f3 el caso declar\u00f3 culpable a Richard A. por el delito de asesinato cometido contra una ni\u00f1a de 6 meses de edad y le impuso la pena m\u00e1xima aplicable en este caso: 40 a\u00f1os de privaci\u00f3n de libertad, considerando la agravante acreditada durante el proceso.<br \/>\n<br \/>\n<button class=\"responsivevoice-button\" type=\"button\" title=\"ResponsiveVoice Tap to Start\/Stop Speech\" data-rvtts-action=\"speak\" data-rvtts-text=\"La Fiscal\u00eda General del Estado present\u00f3 las pruebas que permitieron demostrar la responsabilidad penal del sentenciado por los hechos ocurridos el 6 de diciembre de 2025, en el barrio Menfis, de la ciudad de Loja. En la audiencia de juicio, la Fiscal del caso explic\u00f3 que, seg\u00fan los elementos obtenidos durante la investigaci\u00f3n, el d\u00eda de los hechos el hoy sentenciado lleg\u00f3 al domicilio que compart\u00eda con su conviviente y su hija de 6 meses de edad y agredi\u00f3 a ambas, en repetidas ocasiones, provoc\u00e1ndoles graves lesiones.\" data-rvtts-voice=\"Spanish Latin American Female\" data-rvtts-brand-url=\"https:\/\/responsivevoice.org\/?utm_source=wordpress-plugin&amp;utm_medium=referral&amp;utm_campaign=powered-by\" data-rvtts-brand-label=\"Powered by ResponsiveVoice\"><svg class=\"rvtts-icon\" width=\"22\" height=\"22\" viewBox=\"0 0 22 22\" fill=\"currentColor\" aria-hidden=\"true\" focusable=\"false\"><path fill-rule=\"evenodd\" clip-rule=\"evenodd\" d=\"M11 0C4.92345 0 0 4.92345 0 11C0 13.2683 0.690345 15.3772 1.86621 17.1221L0.811724 21.0517L4.70345 20.0124C6.48621 21.2641 8.65586 22 11 22C17.0766 22 22 17.0766 22 11C22 4.92345 17.0766 0 11 0ZM3.99793 9.99862C3.99793 9.44483 4.44552 8.99724 4.99931 8.99724C5.5531 8.99724 6.00069 9.44483 6.00069 9.99862V12.0014C6.00069 12.5552 5.5531 13.0028 4.99931 13.0028C4.44552 13.0028 3.99793 12.5552 3.99793 12.0014V9.99862ZM8.99724 13.9966C8.99724 14.5503 8.54966 14.9979 7.99586 14.9979C7.44207 14.9979 6.99448 14.5503 6.99448 13.9966V7.99586C6.99448 7.44207 7.44207 6.99448 7.99586 6.99448C8.54966 6.99448 8.99724 7.44207 8.99724 7.99586V13.9966ZM12.0014 17.0007C12.0014 17.5545 11.5538 18.0021 11 18.0021C10.4462 18.0021 9.99862 17.5545 9.99862 17.0007V4.99931C9.99862 4.44552 10.4462 3.99793 11 3.99793C11.5538 3.99793 12.0014 4.44552 12.0014 4.99931V17.0007ZM14.9979 13.9966C14.9979 14.5503 14.5503 14.9979 13.9966 14.9979C13.4428 14.9979 12.9952 14.5503 12.9952 13.9966V7.99586C12.9952 7.44207 13.4428 6.99448 13.9966 6.99448C14.5503 6.99448 14.9979 7.44207 14.9979 7.99586V13.9966ZM18.0021 12.0014C18.0021 12.5552 17.5545 13.0028 17.0007 13.0028C16.4469 13.0028 15.9993 12.5552 15.9993 12.0014V9.99862C15.9993 9.44483 16.4469 8.99724 17.0007 8.99724C17.5545 8.99724 18.0021 9.44483 18.0021 9.99862V12.0014Z\"\/><\/svg><span class=\"responsivevoice-button__label\"><\/span><\/button> <br \/>\nLa Fiscal\u00eda General del Estado present\u00f3 las pruebas que permitieron demostrar la responsabilidad penal del sentenciado por los hechos ocurridos el 6 de diciembre de 2025, en el barrio Menfis, de la ciudad de Loja.<\/p>\n<p>En la audiencia de juicio, la Fiscal del caso explic\u00f3 que, seg\u00fan los elementos obtenidos durante la investigaci\u00f3n, el d\u00eda de los hechos el hoy sentenciado lleg\u00f3 al domicilio que compart\u00eda con su conviviente y su hija de 6 meses de edad y agredi\u00f3 a ambas, en repetidas ocasiones, provoc\u00e1ndoles graves lesiones.<br \/>\n<br \/>\n<button class=\"responsivevoice-button\" type=\"button\" title=\"ResponsiveVoice Tap to Start\/Stop Speech\" data-rvtts-action=\"speak\" data-rvtts-text=\"Tras ser alertados por vecinos del sector, agentes de la Polic\u00eda acudieron al lugar. La ni\u00f1a \u2014que se encontraba inconsciente\u2014 fue trasladada a una casa de salud para recibir atenci\u00f3n m\u00e9dica; sin embargo, horas despu\u00e9s se confirm\u00f3 su fallecimiento. La madre de la v\u00edctima tambi\u00e9n recibi\u00f3 atenci\u00f3n m\u00e9dica por las lesiones ocasionadas durante la agresi\u00f3n. El procesado fue aprehendido y, posteriormente, se formularon cargos en su contra.\" data-rvtts-voice=\"Spanish Latin American Female\" data-rvtts-brand-url=\"https:\/\/responsivevoice.org\/?utm_source=wordpress-plugin&amp;utm_medium=referral&amp;utm_campaign=powered-by\" data-rvtts-brand-label=\"Powered by ResponsiveVoice\"><svg class=\"rvtts-icon\" width=\"22\" height=\"22\" viewBox=\"0 0 22 22\" fill=\"currentColor\" aria-hidden=\"true\" focusable=\"false\"><path fill-rule=\"evenodd\" clip-rule=\"evenodd\" d=\"M11 0C4.92345 0 0 4.92345 0 11C0 13.2683 0.690345 15.3772 1.86621 17.1221L0.811724 21.0517L4.70345 20.0124C6.48621 21.2641 8.65586 22 11 22C17.0766 22 22 17.0766 22 11C22 4.92345 17.0766 0 11 0ZM3.99793 9.99862C3.99793 9.44483 4.44552 8.99724 4.99931 8.99724C5.5531 8.99724 6.00069 9.44483 6.00069 9.99862V12.0014C6.00069 12.5552 5.5531 13.0028 4.99931 13.0028C4.44552 13.0028 3.99793 12.5552 3.99793 12.0014V9.99862ZM8.99724 13.9966C8.99724 14.5503 8.54966 14.9979 7.99586 14.9979C7.44207 14.9979 6.99448 14.5503 6.99448 13.9966V7.99586C6.99448 7.44207 7.44207 6.99448 7.99586 6.99448C8.54966 6.99448 8.99724 7.44207 8.99724 7.99586V13.9966ZM12.0014 17.0007C12.0014 17.5545 11.5538 18.0021 11 18.0021C10.4462 18.0021 9.99862 17.5545 9.99862 17.0007V4.99931C9.99862 4.44552 10.4462 3.99793 11 3.99793C11.5538 3.99793 12.0014 4.44552 12.0014 4.99931V17.0007ZM14.9979 13.9966C14.9979 14.5503 14.5503 14.9979 13.9966 14.9979C13.4428 14.9979 12.9952 14.5503 12.9952 13.9966V7.99586C12.9952 7.44207 13.4428 6.99448 13.9966 6.99448C14.5503 6.99448 14.9979 7.44207 14.9979 7.99586V13.9966ZM18.0021 12.0014C18.0021 12.5552 17.5545 13.0028 17.0007 13.0028C16.4469 13.0028 15.9993 12.5552 15.9993 12.0014V9.99862C15.9993 9.44483 16.4469 8.99724 17.0007 8.99724C17.5545 8.99724 18.0021 9.44483 18.0021 9.99862V12.0014Z\"\/><\/svg><span class=\"responsivevoice-button__label\"><\/span><\/button> <br \/>\nTras ser alertados por vecinos del sector, agentes de la Polic\u00eda acudieron al lugar. La ni\u00f1a \u2014que se encontraba inconsciente\u2014 fue trasladada a una casa de salud para recibir atenci\u00f3n m\u00e9dica; sin embargo, horas despu\u00e9s se confirm\u00f3 su fallecimiento. La madre de la v\u00edctima tambi\u00e9n recibi\u00f3 atenci\u00f3n m\u00e9dica por las lesiones ocasionadas durante la agresi\u00f3n. El procesado fue aprehendido y, posteriormente, se formularon cargos en su contra.<br \/>\n<br \/>\n<button class=\"responsivevoice-button\" type=\"button\" title=\"ResponsiveVoice Tap to Start\/Stop Speech\" data-rvtts-action=\"speak\" data-rvtts-text=\"Entre los principales elementos probatorios expuestos por Fiscal\u00eda constan el acta de levantamiento del cad\u00e1ver y el informe de autopsia, que determin\u00f3 que la muerte violenta fue causada por los golpes sufridos en la cabeza. Tambi\u00e9n se present\u00f3 el informe m\u00e9dico-legal de la madre de la v\u00edctima, que estableci\u00f3 ocho d\u00edas de incapacidad.\" data-rvtts-voice=\"Spanish Latin American Female\" data-rvtts-brand-url=\"https:\/\/responsivevoice.org\/?utm_source=wordpress-plugin&amp;utm_medium=referral&amp;utm_campaign=powered-by\" data-rvtts-brand-label=\"Powered by ResponsiveVoice\"><svg class=\"rvtts-icon\" width=\"22\" height=\"22\" viewBox=\"0 0 22 22\" fill=\"currentColor\" aria-hidden=\"true\" focusable=\"false\"><path fill-rule=\"evenodd\" clip-rule=\"evenodd\" d=\"M11 0C4.92345 0 0 4.92345 0 11C0 13.2683 0.690345 15.3772 1.86621 17.1221L0.811724 21.0517L4.70345 20.0124C6.48621 21.2641 8.65586 22 11 22C17.0766 22 22 17.0766 22 11C22 4.92345 17.0766 0 11 0ZM3.99793 9.99862C3.99793 9.44483 4.44552 8.99724 4.99931 8.99724C5.5531 8.99724 6.00069 9.44483 6.00069 9.99862V12.0014C6.00069 12.5552 5.5531 13.0028 4.99931 13.0028C4.44552 13.0028 3.99793 12.5552 3.99793 12.0014V9.99862ZM8.99724 13.9966C8.99724 14.5503 8.54966 14.9979 7.99586 14.9979C7.44207 14.9979 6.99448 14.5503 6.99448 13.9966V7.99586C6.99448 7.44207 7.44207 6.99448 7.99586 6.99448C8.54966 6.99448 8.99724 7.44207 8.99724 7.99586V13.9966ZM12.0014 17.0007C12.0014 17.5545 11.5538 18.0021 11 18.0021C10.4462 18.0021 9.99862 17.5545 9.99862 17.0007V4.99931C9.99862 4.44552 10.4462 3.99793 11 3.99793C11.5538 3.99793 12.0014 4.44552 12.0014 4.99931V17.0007ZM14.9979 13.9966C14.9979 14.5503 14.5503 14.9979 13.9966 14.9979C13.4428 14.9979 12.9952 14.5503 12.9952 13.9966V7.99586C12.9952 7.44207 13.4428 6.99448 13.9966 6.99448C14.5503 6.99448 14.9979 7.44207 14.9979 7.99586V13.9966ZM18.0021 12.0014C18.0021 12.5552 17.5545 13.0028 17.0007 13.0028C16.4469 13.0028 15.9993 12.5552 15.9993 12.0014V9.99862C15.9993 9.44483 16.4469 8.99724 17.0007 8.99724C17.5545 8.99724 18.0021 9.44483 18.0021 9.99862V12.0014Z\"\/><\/svg><span class=\"responsivevoice-button__label\"><\/span><\/button> <br \/>\nEntre los principales elementos probatorios expuestos por Fiscal\u00eda constan el acta de levantamiento del cad\u00e1ver y el informe de autopsia, que determin\u00f3 que la muerte violenta fue causada por los golpes sufridos en la cabeza. Tambi\u00e9n se present\u00f3 el informe m\u00e9dico-legal de la madre de la v\u00edctima, que estableci\u00f3 ocho d\u00edas de incapacidad.<br \/>\n<br \/>\n<button class=\"responsivevoice-button\" type=\"button\" title=\"ResponsiveVoice Tap to Start\/Stop Speech\" data-rvtts-action=\"speak\" data-rvtts-text=\"Adem\u00e1s, se incorporaron los testimonios de los agentes que participaron en la aprehensi\u00f3n, la inspecci\u00f3n ocular t\u00e9cnica del lugar de los hechos y el levantamiento de evidencias. Una prueba de ADN confirm\u00f3 que el sentenciado era el padre biol\u00f3gico de la v\u00edctima, y una pericia de an\u00e1lisis psicol\u00f3gico permiti\u00f3 evaluar el entorno social.\" data-rvtts-voice=\"Spanish Latin American Female\" data-rvtts-brand-url=\"https:\/\/responsivevoice.org\/?utm_source=wordpress-plugin&amp;utm_medium=referral&amp;utm_campaign=powered-by\" data-rvtts-brand-label=\"Powered by ResponsiveVoice\"><svg class=\"rvtts-icon\" width=\"22\" height=\"22\" viewBox=\"0 0 22 22\" fill=\"currentColor\" aria-hidden=\"true\" focusable=\"false\"><path fill-rule=\"evenodd\" clip-rule=\"evenodd\" d=\"M11 0C4.92345 0 0 4.92345 0 11C0 13.2683 0.690345 15.3772 1.86621 17.1221L0.811724 21.0517L4.70345 20.0124C6.48621 21.2641 8.65586 22 11 22C17.0766 22 22 17.0766 22 11C22 4.92345 17.0766 0 11 0ZM3.99793 9.99862C3.99793 9.44483 4.44552 8.99724 4.99931 8.99724C5.5531 8.99724 6.00069 9.44483 6.00069 9.99862V12.0014C6.00069 12.5552 5.5531 13.0028 4.99931 13.0028C4.44552 13.0028 3.99793 12.5552 3.99793 12.0014V9.99862ZM8.99724 13.9966C8.99724 14.5503 8.54966 14.9979 7.99586 14.9979C7.44207 14.9979 6.99448 14.5503 6.99448 13.9966V7.99586C6.99448 7.44207 7.44207 6.99448 7.99586 6.99448C8.54966 6.99448 8.99724 7.44207 8.99724 7.99586V13.9966ZM12.0014 17.0007C12.0014 17.5545 11.5538 18.0021 11 18.0021C10.4462 18.0021 9.99862 17.5545 9.99862 17.0007V4.99931C9.99862 4.44552 10.4462 3.99793 11 3.99793C11.5538 3.99793 12.0014 4.44552 12.0014 4.99931V17.0007ZM14.9979 13.9966C14.9979 14.5503 14.5503 14.9979 13.9966 14.9979C13.4428 14.9979 12.9952 14.5503 12.9952 13.9966V7.99586C12.9952 7.44207 13.4428 6.99448 13.9966 6.99448C14.5503 6.99448 14.9979 7.44207 14.9979 7.99586V13.9966ZM18.0021 12.0014C18.0021 12.5552 17.5545 13.0028 17.0007 13.0028C16.4469 13.0028 15.9993 12.5552 15.9993 12.0014V9.99862C15.9993 9.44483 16.4469 8.99724 17.0007 8.99724C17.5545 8.99724 18.0021 9.44483 18.0021 9.99862V12.0014Z\"\/><\/svg><span class=\"responsivevoice-button__label\"><\/span><\/button> <br \/>\nAdem\u00e1s, se incorporaron los testimonios de los agentes que participaron en la aprehensi\u00f3n, la inspecci\u00f3n ocular t\u00e9cnica del lugar de los hechos y el levantamiento de evidencias. Una prueba de ADN confirm\u00f3 que el sentenciado era el padre biol\u00f3gico de la v\u00edctima, y una pericia de an\u00e1lisis psicol\u00f3gico permiti\u00f3 evaluar el entorno social.<br \/>\n<br \/>\n<button class=\"responsivevoice-button\" type=\"button\" title=\"ResponsiveVoice Tap to Start\/Stop Speech\" data-rvtts-action=\"speak\" data-rvtts-text=\"Informaci\u00f3n jur\u00eddica El art\u00edculo 140 del C\u00f3digo Org\u00e1nico Integral Penal (COIP) sanciona el delito de asesinato con pena privativa de libertad de veintis\u00e9is a treinta a\u00f1os. En este caso, se justific\u00f3 la circunstancia agravante prevista en el numeral 11 del art\u00edculo 47 del mismo cuerpo normativo.\" data-rvtts-voice=\"Spanish Latin American Female\" data-rvtts-brand-url=\"https:\/\/responsivevoice.org\/?utm_source=wordpress-plugin&amp;utm_medium=referral&amp;utm_campaign=powered-by\" data-rvtts-brand-label=\"Powered by ResponsiveVoice\"><svg class=\"rvtts-icon\" width=\"22\" height=\"22\" viewBox=\"0 0 22 22\" fill=\"currentColor\" aria-hidden=\"true\" focusable=\"false\"><path fill-rule=\"evenodd\" clip-rule=\"evenodd\" d=\"M11 0C4.92345 0 0 4.92345 0 11C0 13.2683 0.690345 15.3772 1.86621 17.1221L0.811724 21.0517L4.70345 20.0124C6.48621 21.2641 8.65586 22 11 22C17.0766 22 22 17.0766 22 11C22 4.92345 17.0766 0 11 0ZM3.99793 9.99862C3.99793 9.44483 4.44552 8.99724 4.99931 8.99724C5.5531 8.99724 6.00069 9.44483 6.00069 9.99862V12.0014C6.00069 12.5552 5.5531 13.0028 4.99931 13.0028C4.44552 13.0028 3.99793 12.5552 3.99793 12.0014V9.99862ZM8.99724 13.9966C8.99724 14.5503 8.54966 14.9979 7.99586 14.9979C7.44207 14.9979 6.99448 14.5503 6.99448 13.9966V7.99586C6.99448 7.44207 7.44207 6.99448 7.99586 6.99448C8.54966 6.99448 8.99724 7.44207 8.99724 7.99586V13.9966ZM12.0014 17.0007C12.0014 17.5545 11.5538 18.0021 11 18.0021C10.4462 18.0021 9.99862 17.5545 9.99862 17.0007V4.99931C9.99862 4.44552 10.4462 3.99793 11 3.99793C11.5538 3.99793 12.0014 4.44552 12.0014 4.99931V17.0007ZM14.9979 13.9966C14.9979 14.5503 14.5503 14.9979 13.9966 14.9979C13.4428 14.9979 12.9952 14.5503 12.9952 13.9966V7.99586C12.9952 7.44207 13.4428 6.99448 13.9966 6.99448C14.5503 6.99448 14.9979 7.44207 14.9979 7.99586V13.9966ZM18.0021 12.0014C18.0021 12.5552 17.5545 13.0028 17.0007 13.0028C16.4469 13.0028 15.9993 12.5552 15.9993 12.0014V9.99862C15.9993 9.44483 16.4469 8.99724 17.0007 8.99724C17.5545 8.99724 18.0021 9.44483 18.0021 9.99862V12.0014Z\"\/><\/svg><span class=\"responsivevoice-button__label\"><\/span><\/button> <br \/>\n<strong>Informaci\u00f3n jur\u00eddica<\/strong><\/p>\n<p>El art\u00edculo 140 del C\u00f3digo Org\u00e1nico Integral Penal (COIP) sanciona el delito de asesinato con pena privativa de libertad de veintis\u00e9is a treinta a\u00f1os. En este caso, se justific\u00f3 la circunstancia agravante prevista en el numeral 11 del art\u00edculo 47 del mismo cuerpo normativo.<br \/>\n<\/p>\n","protected":false},"excerpt":{"rendered":"BOLET\u00cdN DE PRENSA FGE N\u00ba 1011-DC-2026 40 a\u00f1os de prisi\u00f3n por el asesinato de una ni\u00f1a de 6 meses Loja (Loja), 01 de septiembre de 2026.- El Tribunal de Garant\u00edas Penales que conoci\u00f3 el caso declar\u00f3 culpable a Richard A. por el delito de asesinato...","protected":false},"author":4,"featured_media":0,"comment_status":"closed","ping_status":"closed","sticky":false,"template":"","format":"standard","meta":{"footnotes":""},"categories":[2299,2290],"tags":[],"class_list":["post-63455","post","type-post","status-publish","format-standard","hentry","category-septiembre-2026","category-2290"],"_links":{"self":[{"href":"https:\/\/www.fiscalia.gob.ec\/accesibilidad\/wp-json\/wp\/v2\/posts\/63455","targetHints":{"allow":["GET"]}}],"collection":[{"href":"https:\/\/www.fiscalia.gob.ec\/accesibilidad\/wp-json\/wp\/v2\/posts"}],"about":[{"href":"https:\/\/www.fiscalia.gob.ec\/accesibilidad\/wp-json\/wp\/v2\/types\/post"}],"author":[{"embeddable":true,"href":"https:\/\/www.fiscalia.gob.ec\/accesibilidad\/wp-json\/wp\/v2\/users\/4"}],"replies":[{"embeddable":true,"href":"https:\/\/www.fiscalia.gob.ec\/accesibilidad\/wp-json\/wp\/v2\/comments?post=63455"}],"version-history":[{"count":1,"href":"https:\/\/www.fiscalia.gob.ec\/accesibilidad\/wp-json\/wp\/v2\/posts\/63455\/revisions"}],"predecessor-version":[{"id":63456,"href":"https:\/\/www.fiscalia.gob.ec\/accesibilidad\/wp-json\/wp\/v2\/posts\/63455\/revisions\/63456"}],"wp:attachment":[{"href":"https:\/\/www.fiscalia.gob.ec\/accesibilidad\/wp-json\/wp\/v2\/media?parent=63455"}],"wp:term":[{"taxonomy":"category","embeddable":true,"href":"https:\/\/www.fiscalia.gob.ec\/accesibilidad\/wp-json\/wp\/v2\/categories?post=63455"},{"taxonomy":"post_tag","embeddable":true,"href":"https:\/\/www.fiscalia.gob.ec\/accesibilidad\/wp-json\/wp\/v2\/tags?post=63455"}],"curies":[{"name":"wp","href":"https:\/\/api.w.org\/{rel}","templated":true}]}}